{"id":1445,"date":"2016-06-15T17:23:11","date_gmt":"2016-06-15T13:23:11","guid":{"rendered":"http:\/\/galerie-m50-wittner.de\/?p=1445"},"modified":"2016-06-15T17:31:09","modified_gmt":"2016-06-15T13:31:09","slug":"essentielle-malerei-von-horst-mensinger","status":"publish","type":"post","link":"http:\/\/galerie-m50-wittner.de\/index.php\/aktuell\/essentielle-malerei-von-horst-mensinger","title":{"rendered":"essentielle Malerei von Horst Mensinger"},"content":{"rendered":"<p>17. Juni (Ausstellungser\u00f6ffnung: 19 &#8211; 21h) bis einschlie\u00dflich 19. Juli 2016<\/p>\n<!-- default-view.php -->\n<div\n\tclass=\"ngg-galleryoverview default-view \"\n\tid=\"ngg-gallery-554410577f7cb017fa8a71279a7d72bc-1\">\n\n\t\t<!-- Thumbnails -->\n\t\t\t\t<div id=\"ngg-image-0\" class=\"ngg-gallery-thumbnail-box \" >\n\t\t\t\t        <div class=\"ngg-gallery-thumbnail\">\n            <a href=\"http:\/\/galerie-m50-wittner.de\/wp-content\/gallery\/essentielle-malerei-von-horst-mensinger\/hm-3.jpg\"\n               title=\"\"\n               data-src=\"http:\/\/galerie-m50-wittner.de\/wp-content\/gallery\/essentielle-malerei-von-horst-mensinger\/hm-3.jpg\"\n               data-thumbnail=\"http:\/\/galerie-m50-wittner.de\/wp-content\/gallery\/essentielle-malerei-von-horst-mensinger\/thumbs\/thumbs_hm-3.jpg\"\n               data-image-id=\"238\"\n               data-title=\"hm-3\"\n               data-description=\"\"\n               data-image-slug=\"hm-3\"\n               class=\"ngg-simplelightbox\" rel=\"554410577f7cb017fa8a71279a7d72bc\">\n                <img\n                    title=\"hm-3\"\n                    alt=\"hm-3\"\n                    src=\"http:\/\/galerie-m50-wittner.de\/wp-content\/gallery\/essentielle-malerei-von-horst-mensinger\/thumbs\/thumbs_hm-3.jpg\"\n                    width=\"75\"\n                    height=\"75\"\n                    style=\"max-width:100%;\"\n                \/>\n            <\/a>\n        <\/div>\n\t\t\t\t\t\t\t<\/div> \n\t\t\t\n\t\t\t\t<div id=\"ngg-image-1\" class=\"ngg-gallery-thumbnail-box \" >\n\t\t\t\t        <div class=\"ngg-gallery-thumbnail\">\n            <a href=\"http:\/\/galerie-m50-wittner.de\/wp-content\/gallery\/essentielle-malerei-von-horst-mensinger\/dsc_0196.jpg\"\n               title=\"\"\n               data-src=\"http:\/\/galerie-m50-wittner.de\/wp-content\/gallery\/essentielle-malerei-von-horst-mensinger\/dsc_0196.jpg\"\n               data-thumbnail=\"http:\/\/galerie-m50-wittner.de\/wp-content\/gallery\/essentielle-malerei-von-horst-mensinger\/thumbs\/thumbs_dsc_0196.jpg\"\n               data-image-id=\"239\"\n               data-title=\"dsc_0196\"\n               data-description=\"\"\n               data-image-slug=\"dsc_0196\"\n               class=\"ngg-simplelightbox\" rel=\"554410577f7cb017fa8a71279a7d72bc\">\n                <img\n                    title=\"dsc_0196\"\n                    alt=\"dsc_0196\"\n                    src=\"http:\/\/galerie-m50-wittner.de\/wp-content\/gallery\/essentielle-malerei-von-horst-mensinger\/thumbs\/thumbs_dsc_0196.jpg\"\n                    width=\"75\"\n                    height=\"75\"\n                    style=\"max-width:100%;\"\n                \/>\n            <\/a>\n        <\/div>\n\t\t\t\t\t\t\t<\/div> \n\t\t\t\n\t\t\t\t<div id=\"ngg-image-2\" class=\"ngg-gallery-thumbnail-box \" >\n\t\t\t\t        <div class=\"ngg-gallery-thumbnail\">\n            <a href=\"http:\/\/galerie-m50-wittner.de\/wp-content\/gallery\/essentielle-malerei-von-horst-mensinger\/dsc_0213-2.jpg\"\n               title=\"\"\n               data-src=\"http:\/\/galerie-m50-wittner.de\/wp-content\/gallery\/essentielle-malerei-von-horst-mensinger\/dsc_0213-2.jpg\"\n               data-thumbnail=\"http:\/\/galerie-m50-wittner.de\/wp-content\/gallery\/essentielle-malerei-von-horst-mensinger\/thumbs\/thumbs_dsc_0213-2.jpg\"\n               data-image-id=\"240\"\n               data-title=\"dsc_0213-2\"\n               data-description=\"\"\n               data-image-slug=\"dsc_0213-2\"\n               class=\"ngg-simplelightbox\" rel=\"554410577f7cb017fa8a71279a7d72bc\">\n                <img\n                    title=\"dsc_0213-2\"\n                    alt=\"dsc_0213-2\"\n                    src=\"http:\/\/galerie-m50-wittner.de\/wp-content\/gallery\/essentielle-malerei-von-horst-mensinger\/thumbs\/thumbs_dsc_0213-2.jpg\"\n                    width=\"75\"\n                    height=\"75\"\n                    style=\"max-width:100%;\"\n                \/>\n            <\/a>\n        <\/div>\n\t\t\t\t\t\t\t<\/div> \n\t\t\t\n\t\n\t<br style=\"clear: both\" \/>\n\n\t\n\t\t<!-- Pagination -->\n\t<div class='ngg-clear'><\/div>\t<\/div>\n\n<p><strong>\u201e&#8230; Das Kunstwerk ist mehr, als nur Anlass zur Interpretation. Es ist eine Existenz aus sich und f\u00fcr sich! &#8230;\u201c (Max Frisch)<\/strong><br \/>\nDer ureigenste Bereich der Malerei ist die Farbe, unabh\u00e4ngig von jeder Absicht zur Darstellung einer vorgegebenen Gegenst\u00e4ndlichkeit.<br \/>\nUnter allen bildnerischen Mitteln behauptet die Farbe eine Sonderstellung, da sie nie nur Instrument der Abbildung ist, sondern eine eigene Natur besitzt.<br \/>\nFarbe ist eine Energie, die sich in der Malerei (seit Beginn des 20. Jhs) auch jenseits einer gegen-<br \/>\nstandsbezogenen Indienstnahme selbst gen\u00fcgt und entfalten kann.<br \/>\nWas Malerei leisten kann und soll: die Sensation der Farben!<br \/>\nHorst Mensingers Arbeiten sind reine Malerei, die sich beschr\u00e4nkt auf die Fl\u00e4chigkeit, die Form des Bildtr\u00e4gers und der Eigenschaften der Pigmente \u2013 hier: Harz-\u00d6l, in Acryl-Emulsion gel\u00f6ste Pigmente oder Acryl-Emulsionen mit Wei\u00df-Beimischungen \u2013 als grundlegende Eigent\u00fcmlichkeiten.<br \/>\nKontrastverh\u00e4ltnisse verschwimmen immer mehr, zu Gunsten der gleichen Tonwerte oder geringer Aufhellungen. Die Pinselstruktur, bisweilen sichtbar; nimmt minimales \u2013 nicht als Effekt vorder-<br \/>\ngr\u00fcndiges \u2013 Licht auf. Je nach dem gerade herrschenden Lichtverh\u00e4ltnis entstehen kaum wahr-<br \/>\nnehmbare \u2013 aber aufregende \u2013 Farb\u00e4nderung.<br \/>\nMal warm, mal k\u00fchl, mal sanft, mal zerbrechlich, mal statisch, mal pulsierend.<br \/>\nBetonung der Farbe an sich und in der verst\u00e4rkten Ausrichtung auf den Betrachter und dessen Wahrnehmung. In der monochrome Malerei nimmt Farbe nur auf sich selbst Bezug.<br \/>\n<strong>Horst Mensinger ist ein Maler der Farbe; sie ist sein Bild-\u201eGegenstand\u201c!<\/strong><\/p>\n<p>Horst Mensinger wurde1950 in Frankfurt am Main geboren<br \/>\n1969:<br \/>\nAusbildung zum Lithografen, Bauerschen Schriftgie\u00dferei und graphischen Kunstanstalt \/ Frankfurt am Main<br \/>\n1990-99:<br \/>\nselbstst\u00e4ndiger Lithograf und Grafiker \/ Frankfurt am Main<br \/>\n1996-98:<br \/>\nStudium f\u00fcr Zeichnung und Malerei bei Klaus Schneider, AKUSCH \/ Frankfurt am Main<br \/>\n1998-2003:<br \/>\nStudium der Freien Malerei bei Ahmad Rafi \/ Frankfurt am Main<br \/>\n2001:<br \/>\nJapanreise<br \/>\n2003:<br \/>\nKunstpreis der Stadt Usingen (Galerie Forum)<br \/>\n2001-2005:<br \/>\nAtelier in Usingen<br \/>\nseit 2006:<br \/>\nAtelier im Atelierhaus \u00abEck\u00bb in Frankfurt am Main<\/p>\n<p>Teilnahme an Einzel-Ausstellungen und Ausstellungs-Beteiligungen:<br \/>\n2002:<br \/>\nGalerie Pianohaus \/ Sch\u00f6ffengrund | EA<br \/>\n2003:<br \/>\nGalluszentrum \/ Frankfurt am Main | AB<br \/>\n\u00d6kohaus \/ Frankfurt am Main | EA<br \/>\n2004:<br \/>\nGalerie Forum \/ Usingen | AB<br \/>\n2005:<br \/>\n<em>TOP III Unorte<\/em>, Atelier Rafi \/ Frankfurt am Main | AB<br \/>\n2006:<br \/>\n<em>stadtLichtkunst<\/em>, Landratsamt Usingen | AB<br \/>\n2010:<br \/>\nMusikschule der VHS Bad Homburg | EA<br \/>\n2011:<br \/>\n<em>Kein Abbild, ich bin wirklich&#8230;<\/em>, Kunstverein Klosterpresse e.V. \/ Frankfurt am Main | EA<br \/>\n2014:<br \/>\n<em>RandERSCHEINUNGEN<\/em> (essentielle Malerei), Kunstverein Klosterpresse e.V. \/ Frankfurt am Main | EA<br \/>\n<em>Petersburger H\u00e4ngung I<\/em>, Galerie m50 \/ Frankfurt am Main | AB<br \/>\n2016:<br \/>\ngws-forum 2016 \/ Oberursel Akademie Gesundes Leben \/ Oberursel | EA mit Impuls-Vortrag<br \/>\n<em>essentielle Malerei<\/em>, Galerie m50 \/ Oberursel | EA<\/p>\n<p>Horst Mensinger (Hrsg.), <em>\u00dcber das Betrachten von Farbmalerei<\/em>, 2006<br \/>\nHorst Mensinger, <em>Bilder ohne Abbild<\/em>, Katalog, 2011<\/p>\n<p>Werke in privaten Sammlungen<\/p>\n","protected":false},"excerpt":{"rendered":"<p>17. Juni (Ausstellungser\u00f6ffnung: 19 &#8211; 21h) bis einschlie\u00dflich 19. Juli 2016 \u201e&#8230; Das Kunstwerk ist mehr, als nur Anlass zur Interpretation. Es ist eine Existenz aus sich und f\u00fcr sich! &#8230;<\/p>\n","protected":false},"author":2,"featured_media":0,"comment_status":"closed","ping_status":"closed","sticky":false,"template":"","format":"standard","meta":{"ngg_post_thumbnail":0,"footnotes":""},"categories":[3],"tags":[],"class_list":["post-1445","post","type-post","status-publish","format-standard","hentry","category-aktuell"],"_links":{"self":[{"href":"http:\/\/galerie-m50-wittner.de\/index.php\/wp-json\/wp\/v2\/posts\/1445","targetHints":{"allow":["GET"]}}],"collection":[{"href":"http:\/\/galerie-m50-wittner.de\/index.php\/wp-json\/wp\/v2\/posts"}],"about":[{"href":"http:\/\/galerie-m50-wittner.de\/index.php\/wp-json\/wp\/v2\/types\/post"}],"author":[{"embeddable":true,"href":"http:\/\/galerie-m50-wittner.de\/index.php\/wp-json\/wp\/v2\/users\/2"}],"replies":[{"embeddable":true,"href":"http:\/\/galerie-m50-wittner.de\/index.php\/wp-json\/wp\/v2\/comments?post=1445"}],"version-history":[{"count":22,"href":"http:\/\/galerie-m50-wittner.de\/index.php\/wp-json\/wp\/v2\/posts\/1445\/revisions"}],"predecessor-version":[{"id":1465,"href":"http:\/\/galerie-m50-wittner.de\/index.php\/wp-json\/wp\/v2\/posts\/1445\/revisions\/1465"}],"wp:attachment":[{"href":"http:\/\/galerie-m50-wittner.de\/index.php\/wp-json\/wp\/v2\/media?parent=1445"}],"wp:term":[{"taxonomy":"category","embeddable":true,"href":"http:\/\/galerie-m50-wittner.de\/index.php\/wp-json\/wp\/v2\/categories?post=1445"},{"taxonomy":"post_tag","embeddable":true,"href":"http:\/\/galerie-m50-wittner.de\/index.php\/wp-json\/wp\/v2\/tags?post=1445"}],"curies":[{"name":"wp","href":"https:\/\/api.w.org\/{rel}","templated":true}]}}