{"id":144,"date":"2009-11-11T21:57:53","date_gmt":"2009-11-11T17:57:53","guid":{"rendered":"http:\/\/galerie-m50-wittner.de\/?p=144"},"modified":"2011-06-13T19:26:04","modified_gmt":"2011-06-13T15:26:04","slug":"peter-knapp","status":"publish","type":"post","link":"http:\/\/galerie-m50-wittner.de\/index.php\/aktuell\/peter-knapp","title":{"rendered":"Peter Knapp"},"content":{"rendered":"<p><strong>Ausstellung: 21.11. 2009 &#8211; <\/strong><strong>11.02.2010<br \/>\n<\/strong>Einf\u00fchrung zur Ausstellungser\u00f6ffnung: Prof. Dr. phil. Uwe Japp<strong> <\/strong><\/p>\n<p><strong><!-- default-view.php -->\n<div\n\tclass=\"ngg-galleryoverview default-view \"\n\tid=\"ngg-gallery-ac22388f1d994f827902735d862bf5d0-1\">\n\n\t\t<!-- Thumbnails -->\n\t\t\t\t<div id=\"ngg-image-0\" class=\"ngg-gallery-thumbnail-box \" >\n\t\t\t\t        <div class=\"ngg-gallery-thumbnail\">\n            <a href=\"http:\/\/galerie-m50-wittner.de\/wp-content\/gallery\/peter-knapp\/peterknappneu.jpg\"\n               title=\"\"\n               data-src=\"http:\/\/galerie-m50-wittner.de\/wp-content\/gallery\/peter-knapp\/peterknappneu.jpg\"\n               data-thumbnail=\"http:\/\/galerie-m50-wittner.de\/wp-content\/gallery\/peter-knapp\/thumbs\/thumbs_peterknappneu.jpg\"\n               data-image-id=\"18\"\n               data-title=\"peterknappneu\"\n               data-description=\"\"\n               data-image-slug=\"peterknappneu\"\n               class=\"ngg-simplelightbox\" rel=\"ac22388f1d994f827902735d862bf5d0\">\n                <img\n                    title=\"peterknappneu\"\n                    alt=\"peterknappneu\"\n                    src=\"http:\/\/galerie-m50-wittner.de\/wp-content\/gallery\/peter-knapp\/thumbs\/thumbs_peterknappneu.jpg\"\n                    width=\"75\"\n                    height=\"75\"\n                    style=\"max-width:100%;\"\n                \/>\n            <\/a>\n        <\/div>\n\t\t\t\t\t\t\t<\/div> \n\t\t\t\n\t\t\t\t<div id=\"ngg-image-1\" class=\"ngg-gallery-thumbnail-box \" >\n\t\t\t\t        <div class=\"ngg-gallery-thumbnail\">\n            <a href=\"http:\/\/galerie-m50-wittner.de\/wp-content\/gallery\/peter-knapp\/peter-knapp-2.jpg\"\n               title=\"\"\n               data-src=\"http:\/\/galerie-m50-wittner.de\/wp-content\/gallery\/peter-knapp\/peter-knapp-2.jpg\"\n               data-thumbnail=\"http:\/\/galerie-m50-wittner.de\/wp-content\/gallery\/peter-knapp\/thumbs\/thumbs_peter-knapp-2.jpg\"\n               data-image-id=\"10\"\n               data-title=\"peter-knapp-2\"\n               data-description=\"\"\n               data-image-slug=\"peter-knapp-2\"\n               class=\"ngg-simplelightbox\" rel=\"ac22388f1d994f827902735d862bf5d0\">\n                <img\n                    title=\"peter-knapp-2\"\n                    alt=\"peter-knapp-2\"\n                    src=\"http:\/\/galerie-m50-wittner.de\/wp-content\/gallery\/peter-knapp\/thumbs\/thumbs_peter-knapp-2.jpg\"\n                    width=\"74\"\n                    height=\"74\"\n                    style=\"max-width:100%;\"\n                \/>\n            <\/a>\n        <\/div>\n\t\t\t\t\t\t\t<\/div> \n\t\t\t\n\t\t\t\t<div id=\"ngg-image-2\" class=\"ngg-gallery-thumbnail-box \" >\n\t\t\t\t        <div class=\"ngg-gallery-thumbnail\">\n            <a href=\"http:\/\/galerie-m50-wittner.de\/wp-content\/gallery\/peter-knapp\/peter-knapp-10.jpg\"\n               title=\"\"\n               data-src=\"http:\/\/galerie-m50-wittner.de\/wp-content\/gallery\/peter-knapp\/peter-knapp-10.jpg\"\n               data-thumbnail=\"http:\/\/galerie-m50-wittner.de\/wp-content\/gallery\/peter-knapp\/thumbs\/thumbs_peter-knapp-10.jpg\"\n               data-image-id=\"9\"\n               data-title=\"peter-knapp-10\"\n               data-description=\"\"\n               data-image-slug=\"peter-knapp-10\"\n               class=\"ngg-simplelightbox\" rel=\"ac22388f1d994f827902735d862bf5d0\">\n                <img\n                    title=\"peter-knapp-10\"\n                    alt=\"peter-knapp-10\"\n                    src=\"http:\/\/galerie-m50-wittner.de\/wp-content\/gallery\/peter-knapp\/thumbs\/thumbs_peter-knapp-10.jpg\"\n                    width=\"74\"\n                    height=\"74\"\n                    style=\"max-width:100%;\"\n                \/>\n            <\/a>\n        <\/div>\n\t\t\t\t\t\t\t<\/div> \n\t\t\t\n\t\t\t\t<div id=\"ngg-image-3\" class=\"ngg-gallery-thumbnail-box \" >\n\t\t\t\t        <div class=\"ngg-gallery-thumbnail\">\n            <a href=\"http:\/\/galerie-m50-wittner.de\/wp-content\/gallery\/peter-knapp\/peter-knapp-3.jpg\"\n               title=\"\"\n               data-src=\"http:\/\/galerie-m50-wittner.de\/wp-content\/gallery\/peter-knapp\/peter-knapp-3.jpg\"\n               data-thumbnail=\"http:\/\/galerie-m50-wittner.de\/wp-content\/gallery\/peter-knapp\/thumbs\/thumbs_peter-knapp-3.jpg\"\n               data-image-id=\"11\"\n               data-title=\"peter-knapp-3\"\n               data-description=\"\"\n               data-image-slug=\"peter-knapp-3\"\n               class=\"ngg-simplelightbox\" rel=\"ac22388f1d994f827902735d862bf5d0\">\n                <img\n                    title=\"peter-knapp-3\"\n                    alt=\"peter-knapp-3\"\n                    src=\"http:\/\/galerie-m50-wittner.de\/wp-content\/gallery\/peter-knapp\/thumbs\/thumbs_peter-knapp-3.jpg\"\n                    width=\"74\"\n                    height=\"75\"\n                    style=\"max-width:100%;\"\n                \/>\n            <\/a>\n        <\/div>\n\t\t\t\t\t\t\t<\/div> \n\t\t\t\n\t\t\t\t<div id=\"ngg-image-4\" class=\"ngg-gallery-thumbnail-box \" >\n\t\t\t\t        <div class=\"ngg-gallery-thumbnail\">\n            <a href=\"http:\/\/galerie-m50-wittner.de\/wp-content\/gallery\/peter-knapp\/peter-knapp-4.jpg\"\n               title=\"\"\n               data-src=\"http:\/\/galerie-m50-wittner.de\/wp-content\/gallery\/peter-knapp\/peter-knapp-4.jpg\"\n               data-thumbnail=\"http:\/\/galerie-m50-wittner.de\/wp-content\/gallery\/peter-knapp\/thumbs\/thumbs_peter-knapp-4.jpg\"\n               data-image-id=\"12\"\n               data-title=\"peter-knapp-4\"\n               data-description=\"\"\n               data-image-slug=\"peter-knapp-4\"\n               class=\"ngg-simplelightbox\" rel=\"ac22388f1d994f827902735d862bf5d0\">\n                <img\n                    title=\"peter-knapp-4\"\n                    alt=\"peter-knapp-4\"\n                    src=\"http:\/\/galerie-m50-wittner.de\/wp-content\/gallery\/peter-knapp\/thumbs\/thumbs_peter-knapp-4.jpg\"\n                    width=\"74\"\n                    height=\"75\"\n                    style=\"max-width:100%;\"\n                \/>\n            <\/a>\n        <\/div>\n\t\t\t\t\t\t\t<\/div> \n\t\t\t\n\t\t\t\t<div id=\"ngg-image-5\" class=\"ngg-gallery-thumbnail-box \" >\n\t\t\t\t        <div class=\"ngg-gallery-thumbnail\">\n            <a href=\"http:\/\/galerie-m50-wittner.de\/wp-content\/gallery\/peter-knapp\/peter-knapp-5.jpg\"\n               title=\"\"\n               data-src=\"http:\/\/galerie-m50-wittner.de\/wp-content\/gallery\/peter-knapp\/peter-knapp-5.jpg\"\n               data-thumbnail=\"http:\/\/galerie-m50-wittner.de\/wp-content\/gallery\/peter-knapp\/thumbs\/thumbs_peter-knapp-5.jpg\"\n               data-image-id=\"13\"\n               data-title=\"peter-knapp-5\"\n               data-description=\"\"\n               data-image-slug=\"peter-knapp-5\"\n               class=\"ngg-simplelightbox\" rel=\"ac22388f1d994f827902735d862bf5d0\">\n                <img\n                    title=\"peter-knapp-5\"\n                    alt=\"peter-knapp-5\"\n                    src=\"http:\/\/galerie-m50-wittner.de\/wp-content\/gallery\/peter-knapp\/thumbs\/thumbs_peter-knapp-5.jpg\"\n                    width=\"75\"\n                    height=\"75\"\n                    style=\"max-width:100%;\"\n                \/>\n            <\/a>\n        <\/div>\n\t\t\t\t\t\t\t<\/div> \n\t\t\t\n\t\t\t\t<div id=\"ngg-image-6\" class=\"ngg-gallery-thumbnail-box \" >\n\t\t\t\t        <div class=\"ngg-gallery-thumbnail\">\n            <a href=\"http:\/\/galerie-m50-wittner.de\/wp-content\/gallery\/peter-knapp\/peter-knapp-6.jpg\"\n               title=\"\"\n               data-src=\"http:\/\/galerie-m50-wittner.de\/wp-content\/gallery\/peter-knapp\/peter-knapp-6.jpg\"\n               data-thumbnail=\"http:\/\/galerie-m50-wittner.de\/wp-content\/gallery\/peter-knapp\/thumbs\/thumbs_peter-knapp-6.jpg\"\n               data-image-id=\"14\"\n               data-title=\"peter-knapp-6\"\n               data-description=\"\"\n               data-image-slug=\"peter-knapp-6\"\n               class=\"ngg-simplelightbox\" rel=\"ac22388f1d994f827902735d862bf5d0\">\n                <img\n                    title=\"peter-knapp-6\"\n                    alt=\"peter-knapp-6\"\n                    src=\"http:\/\/galerie-m50-wittner.de\/wp-content\/gallery\/peter-knapp\/thumbs\/thumbs_peter-knapp-6.jpg\"\n                    width=\"75\"\n                    height=\"75\"\n                    style=\"max-width:100%;\"\n                \/>\n            <\/a>\n        <\/div>\n\t\t\t\t\t\t\t<\/div> \n\t\t\t\n\t\t\t\t<div id=\"ngg-image-7\" class=\"ngg-gallery-thumbnail-box \" >\n\t\t\t\t        <div class=\"ngg-gallery-thumbnail\">\n            <a href=\"http:\/\/galerie-m50-wittner.de\/wp-content\/gallery\/peter-knapp\/peter-knapp-7.jpg\"\n               title=\"\"\n               data-src=\"http:\/\/galerie-m50-wittner.de\/wp-content\/gallery\/peter-knapp\/peter-knapp-7.jpg\"\n               data-thumbnail=\"http:\/\/galerie-m50-wittner.de\/wp-content\/gallery\/peter-knapp\/thumbs\/thumbs_peter-knapp-7.jpg\"\n               data-image-id=\"15\"\n               data-title=\"peter-knapp-7\"\n               data-description=\"\"\n               data-image-slug=\"peter-knapp-7\"\n               class=\"ngg-simplelightbox\" rel=\"ac22388f1d994f827902735d862bf5d0\">\n                <img\n                    title=\"peter-knapp-7\"\n                    alt=\"peter-knapp-7\"\n                    src=\"http:\/\/galerie-m50-wittner.de\/wp-content\/gallery\/peter-knapp\/thumbs\/thumbs_peter-knapp-7.jpg\"\n                    width=\"75\"\n                    height=\"75\"\n                    style=\"max-width:100%;\"\n                \/>\n            <\/a>\n        <\/div>\n\t\t\t\t\t\t\t<\/div> \n\t\t\t\n\t\t\t\t<div id=\"ngg-image-8\" class=\"ngg-gallery-thumbnail-box \" >\n\t\t\t\t        <div class=\"ngg-gallery-thumbnail\">\n            <a href=\"http:\/\/galerie-m50-wittner.de\/wp-content\/gallery\/peter-knapp\/peter-knapp-8.jpg\"\n               title=\"\"\n               data-src=\"http:\/\/galerie-m50-wittner.de\/wp-content\/gallery\/peter-knapp\/peter-knapp-8.jpg\"\n               data-thumbnail=\"http:\/\/galerie-m50-wittner.de\/wp-content\/gallery\/peter-knapp\/thumbs\/thumbs_peter-knapp-8.jpg\"\n               data-image-id=\"16\"\n               data-title=\"peter-knapp-8\"\n               data-description=\"\"\n               data-image-slug=\"peter-knapp-8\"\n               class=\"ngg-simplelightbox\" rel=\"ac22388f1d994f827902735d862bf5d0\">\n                <img\n                    title=\"peter-knapp-8\"\n                    alt=\"peter-knapp-8\"\n                    src=\"http:\/\/galerie-m50-wittner.de\/wp-content\/gallery\/peter-knapp\/thumbs\/thumbs_peter-knapp-8.jpg\"\n                    width=\"75\"\n                    height=\"75\"\n                    style=\"max-width:100%;\"\n                \/>\n            <\/a>\n        <\/div>\n\t\t\t\t\t\t\t<\/div> \n\t\t\t\n\t\t\t\t<div id=\"ngg-image-9\" class=\"ngg-gallery-thumbnail-box \" >\n\t\t\t\t        <div class=\"ngg-gallery-thumbnail\">\n            <a href=\"http:\/\/galerie-m50-wittner.de\/wp-content\/gallery\/peter-knapp\/peter-knapp-9.jpg\"\n               title=\"\"\n               data-src=\"http:\/\/galerie-m50-wittner.de\/wp-content\/gallery\/peter-knapp\/peter-knapp-9.jpg\"\n               data-thumbnail=\"http:\/\/galerie-m50-wittner.de\/wp-content\/gallery\/peter-knapp\/thumbs\/thumbs_peter-knapp-9.jpg\"\n               data-image-id=\"17\"\n               data-title=\"peter-knapp-9\"\n               data-description=\"\"\n               data-image-slug=\"peter-knapp-9\"\n               class=\"ngg-simplelightbox\" rel=\"ac22388f1d994f827902735d862bf5d0\">\n                <img\n                    title=\"peter-knapp-9\"\n                    alt=\"peter-knapp-9\"\n                    src=\"http:\/\/galerie-m50-wittner.de\/wp-content\/gallery\/peter-knapp\/thumbs\/thumbs_peter-knapp-9.jpg\"\n                    width=\"75\"\n                    height=\"75\"\n                    style=\"max-width:100%;\"\n                \/>\n            <\/a>\n        <\/div>\n\t\t\t\t\t\t\t<\/div> \n\t\t\t\n\t\n\t<br style=\"clear: both\" \/>\n\n\t\n\t\t<!-- Pagination -->\n\t<div class='ngg-clear'><\/div>\t<\/div>\n<\/strong><\/p>\n<p>Es ist nicht die Aufgabe des Bildhauers R\u00e4ume zu schaffen oder nur Symbole zu errichten, son- dern Formen zu finden, die dem Erlebnisbereich des Sinnlichen entstammen und nur dort ver- standen werden k\u00f6nnen. (Peter Knapp)<br \/>\n\u201ePeter Knapp geh\u00f6rt zu den gro\u00dfen Begabungen unter den deutschen Bildhauern\u201c, schrieb Christa von Helmolt 1973.<br \/>\nGalerie m50 &#8211; Mittler zwischen Atelier und \u00d6ffentlichkeit &#8211; m\u00f6chte unter Beweis stellen, dass auch, 30 Jahre, nach dem viel zu fr\u00fchen Tod des Frankfurter K\u00fcnstlers Peter Knapp, diese Be- gabung nichts eingeb\u00fc\u00dft hat an Pr\u00e4senz. Es ist ein bewegendes und, gleichsam, wichtiges Ereig- nis &#8211; nach 20 Jahren -, den Dialog mit Peter Knapps Arbeiten (wieder) aufzunehmen und fortzu-f\u00fchren!<br \/>\nPeter Knapp w\u00e4re heute 70 Jahre alt. Anlass genug, die Harmonie seiner Steine (wieder) zu er- fassen &#8211; optisch und haptisch.<br \/>\nDie vollkommenen Monolithe \u00fcberzeugen durch ihr Volumen, ihre Ruhe und ihre Dynamik. Sie sind aktuell, eben so, wie zu den Zeiten ihrer Entstehung!<\/p>\n<p>Einzelausstellungen:<br \/>\n1968 Galerie Appel &amp; Fertsch, (D) Ffm<br \/>\n1971 Galerie Appel &amp; Fertsch, (D) Ffm<br \/>\n1972 Studio Berggemeinde, (D) Ffm<br \/>\n1975 Kunst f\u00fcr Blinde \/ Kur-Blindenheim, (D) Bad Homburg v.d.H\u00f6he<br \/>\n1976 Skulpturen und Zeichnungen \/ Frankfurter Kunstverein, (D) Ffm<br \/>\n1979 Peter Knapp \/ Refugium des Karmeliterklosters \/ Amt f\u00fcr Wissenschaft<br \/>\nund Kunst der Stadt Frankfurt zs.m.Galerie Appel &amp; Fertsch, (D) Ffm<br \/>\n1989\/90 Peter Knapp \/ Studio 51 der Frankf.Aufbau AG zs.m.Galerie Appel &amp;<br \/>\nFertsch, (D) Ffm<br \/>\n2009 hommage an Peter Knapp \/ Galerie m50, ( D) Ffm<\/p>\n<p>Ausstellungsbeteiligungen:<br \/>\n1966 Plastik in unserer Zeit \/ Orangerie, Erlangen<br \/>\n1968 Plastik in Hessen \/ Marilies Hess-Stiftung, Frankfurt am Main<br \/>\nArt Cologne \/ vertreten durch Galerie Appel &amp; Fertsch, Frankfurt am Main<br \/>\n1969 35 K\u00fcnstler in Frankfurt \/ Frankfurter Kunstverein, Frankfurt am Main<br \/>\nArt Cologne \/ vertreten durch Galerie Appel &amp; Fertsch, Frankfurt am Main<br \/>\n10 Jahre danach \/ Galerie Appel &amp; Fertsch, Frankfurt am Main<br \/>\n1970 Miniaturen 70 \/ Galerie 66, Hofheim\/Ts.<br \/>\n1971 Forum \/ Stadtsparkasse, Frankfurt am Main<br \/>\n1972 kontraste \/ Buchmesse, Frankfurt am Main<br \/>\n1973 Gerhard Wittner und Peter Knapp \/ Forum der Stadtsparkasse, Frankfurt am Main<br \/>\n1974 Palmengarten, Frankfurt am Main<br \/>\n1975 artistes francofortois contemporains \/ Mus\u00e9e, (F) Lyon<br \/>\nartistes francofortois contemporains \/ (F) Orly<br \/>\n1976 Kunstmesse Basel \/ vertreten durch Galerie Appel &amp; Fertsch, Frankfurt am Main<br \/>\n1977 Frankfurter Aufbau AG, Frankfurt am Main<br \/>\n1979 20 Jahre danach \/ im Refugium des Karmeliterklosters \/ Galerie Appel &amp; Fertsch,<br \/>\nFrankfurt am Main zusammen mit Amt f\u00fcr Wissenschaft und Kunst \/ Stadt Frankfurt<\/p>\n<p>Arbeiten im \u00f6ffentlichen Raum:<br \/>\n(A) St.Margarethen<br \/>\n(D) Ffm-Eschersheim \/ Fried L\u00fcbbecke-Schule<br \/>\n(D) Ffm-Feuerbachstr. \/ Landesarbeitsamt jetzt: (D) Ffm-Saonestr.<br \/>\n(D) Wiesbaden \/ nassauische Sparkasse<br \/>\n(D) Ffm-Kalb\u00e4cher Gasse (Fre\u00dfgass)<br \/>\n(D) Otterndorf \/ Museum gegenstandsloser Kunst<\/p>\n","protected":false},"excerpt":{"rendered":"<p>Ausstellung: 21.11. 2009 &#8211; 11.02.2010 Einf\u00fchrung zur Ausstellungser\u00f6ffnung: Prof. Dr. phil. Uwe Japp Es ist nicht die Aufgabe des Bildhauers R\u00e4ume zu schaffen oder nur Symbole zu errichten, son- dern &#8230;<\/p>\n","protected":false},"author":2,"featured_media":0,"comment_status":"closed","ping_status":"closed","sticky":false,"template":"","format":"standard","meta":{"ngg_post_thumbnail":0,"footnotes":""},"categories":[3],"tags":[12],"class_list":["post-144","post","type-post","status-publish","format-standard","hentry","category-aktuell","tag-aktuell"],"_links":{"self":[{"href":"http:\/\/galerie-m50-wittner.de\/index.php\/wp-json\/wp\/v2\/posts\/144","targetHints":{"allow":["GET"]}}],"collection":[{"href":"http:\/\/galerie-m50-wittner.de\/index.php\/wp-json\/wp\/v2\/posts"}],"about":[{"href":"http:\/\/galerie-m50-wittner.de\/index.php\/wp-json\/wp\/v2\/types\/post"}],"author":[{"embeddable":true,"href":"http:\/\/galerie-m50-wittner.de\/index.php\/wp-json\/wp\/v2\/users\/2"}],"replies":[{"embeddable":true,"href":"http:\/\/galerie-m50-wittner.de\/index.php\/wp-json\/wp\/v2\/comments?post=144"}],"version-history":[{"count":47,"href":"http:\/\/galerie-m50-wittner.de\/index.php\/wp-json\/wp\/v2\/posts\/144\/revisions"}],"predecessor-version":[{"id":176,"href":"http:\/\/galerie-m50-wittner.de\/index.php\/wp-json\/wp\/v2\/posts\/144\/revisions\/176"}],"wp:attachment":[{"href":"http:\/\/galerie-m50-wittner.de\/index.php\/wp-json\/wp\/v2\/media?parent=144"}],"wp:term":[{"taxonomy":"category","embeddable":true,"href":"http:\/\/galerie-m50-wittner.de\/index.php\/wp-json\/wp\/v2\/categories?post=144"},{"taxonomy":"post_tag","embeddable":true,"href":"http:\/\/galerie-m50-wittner.de\/index.php\/wp-json\/wp\/v2\/tags?post=144"}],"curies":[{"name":"wp","href":"https:\/\/api.w.org\/{rel}","templated":true}]}}