{"id":1417,"date":"2016-04-01T15:45:35","date_gmt":"2016-04-01T11:45:35","guid":{"rendered":"http:\/\/galerie-m50-wittner.de\/?p=1417"},"modified":"2016-04-01T16:03:55","modified_gmt":"2016-04-01T12:03:55","slug":"selten-gesehene-arbeiten-von-gerhard-wittner","status":"publish","type":"post","link":"http:\/\/galerie-m50-wittner.de\/index.php\/aktuell\/selten-gesehene-arbeiten-von-gerhard-wittner","title":{"rendered":"selten gesehene Arbeiten von Gerhard Wittner"},"content":{"rendered":"<p>ausgew\u00e4hlte Bilder und Grafiken der Jahre 1967 bis 1996<\/p>\n<p>Galerie- und Ausstellungser\u00f6ffnung in den neuen R\u00e4umen<br \/>\nam (FR) 15. April 2016 von 19 &#8211; 21h<\/p>\n<p>diese Ausstellung ist zu sehen bis einschlie\u00dflich 10. Mai 2016<\/p>\n            \n\t\t<div class=\"ngg-gallery-singlepic-image \" style=\"max-width: 235px\">\n\t\t\t    \t<a href=\"http:\/\/galerie-m50-wittner.de\/wp-content\/gallery\/selten-gesehene-arbeiten-von-gerhard-wittner\/gwittner-federtusche.jpg\"\n\t\t     title=\"\"\n             data-src=\"http:\/\/galerie-m50-wittner.de\/wp-content\/gallery\/selten-gesehene-arbeiten-von-gerhard-wittner\/gwittner-federtusche.jpg\"\n             data-thumbnail=\"http:\/\/galerie-m50-wittner.de\/wp-content\/gallery\/selten-gesehene-arbeiten-von-gerhard-wittner\/thumbs\/thumbs_gwittner-federtusche.jpg\"\n             data-image-id=\"232\"\n             data-title=\"gwittner-federtusche\"\n             data-description=\"\"\n             target='_self'\n             class=\"ngg-simplelightbox\" rel=\"26661e3482138f44d059f4a03be9132c\">\n            <img class=\"ngg-singlepic\"\n             src=\"http:\/\/galerie-m50-wittner.de\/wp-content\/gallery\/selten-gesehene-arbeiten-von-gerhard-wittner\/cache\/gwittner-federtusche.jpg-nggid03232-ngg0dyn-320x240x100-00f0w010c010r110f110r010t010.jpg\"\n             alt=\"gwittner-federtusche\"\n             title=\"gwittner-federtusche\"\n              width=\"235\"               \/>\n    \t<\/a>\n\t\t      <\/div>\n        \n<p>Informationen zu Gerhard Wittner und seinem k\u00fcnstlerischen Werdegang entnehmen Sie, bitte, der Rubrik &#8222;K\u00fcnstler&#8220;!<\/p>\n","protected":false},"excerpt":{"rendered":"<p>ausgew\u00e4hlte Bilder und Grafiken der Jahre 1967 bis 1996 Galerie- und Ausstellungser\u00f6ffnung in den neuen R\u00e4umen am (FR) 15. April 2016 von 19 &#8211; 21h diese Ausstellung ist zu sehen &#8230;<\/p>\n","protected":false},"author":2,"featured_media":0,"comment_status":"closed","ping_status":"closed","sticky":false,"template":"","format":"standard","meta":{"ngg_post_thumbnail":0,"footnotes":""},"categories":[3],"tags":[],"class_list":["post-1417","post","type-post","status-publish","format-standard","hentry","category-aktuell"],"_links":{"self":[{"href":"http:\/\/galerie-m50-wittner.de\/index.php\/wp-json\/wp\/v2\/posts\/1417","targetHints":{"allow":["GET"]}}],"collection":[{"href":"http:\/\/galerie-m50-wittner.de\/index.php\/wp-json\/wp\/v2\/posts"}],"about":[{"href":"http:\/\/galerie-m50-wittner.de\/index.php\/wp-json\/wp\/v2\/types\/post"}],"author":[{"embeddable":true,"href":"http:\/\/galerie-m50-wittner.de\/index.php\/wp-json\/wp\/v2\/users\/2"}],"replies":[{"embeddable":true,"href":"http:\/\/galerie-m50-wittner.de\/index.php\/wp-json\/wp\/v2\/comments?post=1417"}],"version-history":[{"count":8,"href":"http:\/\/galerie-m50-wittner.de\/index.php\/wp-json\/wp\/v2\/posts\/1417\/revisions"}],"predecessor-version":[{"id":1423,"href":"http:\/\/galerie-m50-wittner.de\/index.php\/wp-json\/wp\/v2\/posts\/1417\/revisions\/1423"}],"wp:attachment":[{"href":"http:\/\/galerie-m50-wittner.de\/index.php\/wp-json\/wp\/v2\/media?parent=1417"}],"wp:term":[{"taxonomy":"category","embeddable":true,"href":"http:\/\/galerie-m50-wittner.de\/index.php\/wp-json\/wp\/v2\/categories?post=1417"},{"taxonomy":"post_tag","embeddable":true,"href":"http:\/\/galerie-m50-wittner.de\/index.php\/wp-json\/wp\/v2\/tags?post=1417"}],"curies":[{"name":"wp","href":"https:\/\/api.w.org\/{rel}","templated":true}]}}