{"id":1182,"date":"2014-03-19T15:35:50","date_gmt":"2014-03-19T11:35:50","guid":{"rendered":"http:\/\/galerie-m50-wittner.de\/?p=1182"},"modified":"2014-04-17T18:36:13","modified_gmt":"2014-04-17T14:36:13","slug":"2-meister-der-konkreten-kunst-rolf-kissel-und-gerhard-wittner","status":"publish","type":"post","link":"http:\/\/galerie-m50-wittner.de\/index.php\/aktuell\/2-meister-der-konkreten-kunst-rolf-kissel-und-gerhard-wittner","title":{"rendered":"2 Meister der konkreten Kunst &#8211; Rolf Kissel und Gerhard Wittner"},"content":{"rendered":"<p><span style=\"color: #0000ff;\">Diese Ausstellung ist zu sehen bis einschl. 03. Mai 2014,<br \/>\n<span style=\"color: #ff0000;\">ausser vom 18. bis einschl. 21.April 2014<\/span><br \/>\n<\/span><\/p>\n<p><span style=\"color: #0000ff;\"><br \/>\n<\/span><\/p>\n<p><span style=\"color: #0000ff;\"><!-- default-view.php -->\n<div\n\tclass=\"ngg-galleryoverview default-view \"\n\tid=\"ngg-gallery-0ad0947b0032eb4c99deeecd855591f6-1\">\n\n\t\t<!-- Thumbnails -->\n\t\t\t\t<div id=\"ngg-image-0\" class=\"ngg-gallery-thumbnail-box \" >\n\t\t\t\t        <div class=\"ngg-gallery-thumbnail\">\n            <a href=\"http:\/\/galerie-m50-wittner.de\/wp-content\/gallery\/2-meister-der-konkreten-kunst-rolf-kissel-und-gerhard-wittner\/gwittner-ii.jpg\"\n               title=\"\"\n               data-src=\"http:\/\/galerie-m50-wittner.de\/wp-content\/gallery\/2-meister-der-konkreten-kunst-rolf-kissel-und-gerhard-wittner\/gwittner-ii.jpg\"\n               data-thumbnail=\"http:\/\/galerie-m50-wittner.de\/wp-content\/gallery\/2-meister-der-konkreten-kunst-rolf-kissel-und-gerhard-wittner\/thumbs\/thumbs_gwittner-ii.jpg\"\n               data-image-id=\"194\"\n               data-title=\"gwittner-ii\"\n               data-description=\"\"\n               data-image-slug=\"gwittner-ii\"\n               class=\"ngg-simplelightbox\" rel=\"0ad0947b0032eb4c99deeecd855591f6\">\n                <img\n                    title=\"gwittner-ii\"\n                    alt=\"gwittner-ii\"\n                    src=\"http:\/\/galerie-m50-wittner.de\/wp-content\/gallery\/2-meister-der-konkreten-kunst-rolf-kissel-und-gerhard-wittner\/thumbs\/thumbs_gwittner-ii.jpg\"\n                    width=\"75\"\n                    height=\"75\"\n                    style=\"max-width:100%;\"\n                \/>\n            <\/a>\n        <\/div>\n\t\t\t\t\t\t\t<\/div> \n\t\t\t\n\t\t\t\t<div id=\"ngg-image-1\" class=\"ngg-gallery-thumbnail-box \" >\n\t\t\t\t        <div class=\"ngg-gallery-thumbnail\">\n            <a href=\"http:\/\/galerie-m50-wittner.de\/wp-content\/gallery\/2-meister-der-konkreten-kunst-rolf-kissel-und-gerhard-wittner\/rkissel-ii.jpg\"\n               title=\"\"\n               data-src=\"http:\/\/galerie-m50-wittner.de\/wp-content\/gallery\/2-meister-der-konkreten-kunst-rolf-kissel-und-gerhard-wittner\/rkissel-ii.jpg\"\n               data-thumbnail=\"http:\/\/galerie-m50-wittner.de\/wp-content\/gallery\/2-meister-der-konkreten-kunst-rolf-kissel-und-gerhard-wittner\/thumbs\/thumbs_rkissel-ii.jpg\"\n               data-image-id=\"196\"\n               data-title=\"rkissel-ii\"\n               data-description=\"\"\n               data-image-slug=\"rkissel-ii\"\n               class=\"ngg-simplelightbox\" rel=\"0ad0947b0032eb4c99deeecd855591f6\">\n                <img\n                    title=\"rkissel-ii\"\n                    alt=\"rkissel-ii\"\n                    src=\"http:\/\/galerie-m50-wittner.de\/wp-content\/gallery\/2-meister-der-konkreten-kunst-rolf-kissel-und-gerhard-wittner\/thumbs\/thumbs_rkissel-ii.jpg\"\n                    width=\"75\"\n                    height=\"75\"\n                    style=\"max-width:100%;\"\n                \/>\n            <\/a>\n        <\/div>\n\t\t\t\t\t\t\t<\/div> \n\t\t\t\n\t\n\t<br style=\"clear: both\" \/>\n\n\t\n\t\t<!-- Pagination -->\n\t<div class='ngg-clear'><\/div>\t<\/div>\n<br \/>\n<em><span style=\"color: #888888;\">Kissel\u00a0\u00a0\u00a0\u00a0\u00a0\u00a0\u00a0\u00a0\u00a0\u00a0\u00a0\u00a0\u00a0\u00a0\u00a0\u00a0\u00a0\u00a0 \u00a0 \u00a0\u00a0 Wittner<\/span><\/em><br \/>\n<\/span><\/p>\n<p>still werden  \u2013  sich sammeln  \u2013  sich \u00f6ffnen  \u2013  schauen  \u2013  sich einlassen  \u2013\u00a0 das Wesentliche aufnehmen<\/p>\n<p>Rolf Kissel (1929) und Gerhard Wittner (1926-1998) haben Malerei bei Professor Albert Burkhart<br \/>\nan der St\u00e4delschule in Frankfurt am Main studiert (Kissel: 1956-&#8217;61, Wittner: 1947-&#8217;51).<br \/>\nBegonnen haben beide frankfurter K\u00fcnstler mit gestenreichem Realismus. Bedingt durch die reiche<br \/>\nSeh-Erfahrung, konnten sie ihren eigenen k\u00fcnstlerischen, gegenstandslosen, Weg gehen.<br \/>\nPaul C\u00e9zanne bereitete, Ende des 19. \/ Beginn des 20.Jhs, den Weg f\u00fcr den Kubismus, der \u2013 in der<br \/>\n1. H\u00e4lfte des 20.Jhs \u2013 abgel\u00f6st wurde vom Konstruktivismus. Hier begann die L\u00f6sung vom Realismus.<br \/>\nDas Informel der 1950er Jahre nutzte diese gewonnene Freiheit, die auch die Diskussion \u00fcber\u00a0 das Wesen<br \/>\nder Kunst neu entfachte: Einige wollten Kunst und Alltag entfremdet sehen, um den k\u00fcnstlerischen Bereich<br \/>\nausschlie\u00dfen zu k\u00f6nnen. Andere fragten vordergr\u00fcndig nach der gesellschaftlichen Wirksamkeit von Kunst<br \/>\nund sprachen k\u00fcnstlerischen Hervorbringungen, in der sich Gesellschaft nicht unmittelbar widerspiegelt,<br \/>\nden Nutzen ab.<br \/>\nMit der scheinbar &#8222;nutzlosen&#8220; konkreten Kunst vollzog sich der Wandel hin zum Kunstwerk, das selbst Gegen-<br \/>\nstand ist, seinen Inhalt und seine Aussage selbst definiert.<br \/>\nKissel und Wittner vollzogen diesen Wandel hin zum konkreten Werk individuell. Dennoch mit gleicher Inten-<br \/>\nsit\u00e4t: strenge, sorgf\u00e4ltig geplante Gestaltung mit dem Gef\u00fchl f\u00fcr Konstruktion und Harmonie. Nicht mehr be-<br \/>\nn\u00f6tigt wurden im- oder expressionistischer Pinselstrich, Pathos, Heroismus, Phrasen, Monumentales, Klischees.<br \/>\nRolf Kissel formulierte: \u201c&#8230; Das spontane, unkontrollierte Malen [des action painting] ist mir zu beliebig, weil es<br \/>\n<em>so<\/em> oder<em> so<\/em> <em>und so<\/em> weiter laufen k\u00f6nnte. Das Spontane, das in einem Mechanismus ausl\u00e4uft. &#8230;\u201c\u00a0 Die Unendlich-<br \/>\nkeit der Farbstr\u00f6me im action painting hat ihn bewogen, die Bildelemente zu verringern und sie in ein berech-<br \/>\nnetes Verh\u00e4ltnis zu bringen.<br \/>\nZur eigenen Arbeit erl\u00e4uterte Gerhard Wittner: \u201c\u2026 Ein Bild muss mehr hergeben, als es oberfl\u00e4chlich zeigt; es<br \/>\nmuss vieldeutig sein, im reinen Kunstsinn, und es muss dem Intellekt verpflichtet sein, dabei darf es nicht ohne<br \/>\ndie Seh-Erfahrung des K\u00fcnstlers auskommen. &#8230;\u201c<br \/>\nObwohl unterschiedlich im Charakter, trotz verschieden verlaufender Lebenswege eint beide K\u00fcnstler die Ent-<br \/>\nscheidung zur rationalen \u00c4sthetik: Die Fl\u00e4che in der Bildgestaltung wird ganz konsequent respektiert. Gestaltung<br \/>\nwird von reinen elementaren Relationen hervorgerufen; bedingt alleine durch das Ma\u00df der Verh\u00e4ltnisses und<br \/>\nder Spannung. Die Rede ist also von einer Kunst, die v\u00f6llig von innen heraus gestaltet ist und keinem Einfluss<br \/>\nvon au\u00dfen unterliegt.<br \/>\nBeider K\u00fcnstler Arbeiten sind eine \u201eAntwort\u201c auf die laute Kunst der 1960er Jahre; auf deren konsumorientierten<br \/>\nInhalte und deren Superformate. &#8211; Genau aus den genannten Gr\u00fcnden wirken sie heute gleicherma\u00dfen! &#8211; Sie<br \/>\nstellen sich grunds\u00e4tzlich kontr\u00e4r zur optischen \u00dcberflutung \u2013 wie Gy\u00f6rgy Ligeti&#8217;s Harmonien an der Schwelle des<br \/>\nSchweigens.<br \/>\nRolf Kissel entschied sich dazu, die Fl\u00e4che und die Elemente seiner Lichtreliefs monochrom wei\u00df zu halten, ganz<br \/>\nim Sinne Wassily Kandinsky&#8217;s (\u201e&#8230; Wei\u00df ist das Symbol einer Welt, in der alle Farben als materielle Eigenschaften<br \/>\nund Substanzen verschwunden sind. &#8230;\u201c). So ist keine Ablenkung oder Ver\u00e4nderung f\u00fcr den Betrachter m\u00f6glich.<br \/>\nGerhard Wittner, hingegen, untersuchte das Problem der Wirkung und die gegenseitigen Beeinflussung von For-<br \/>\nmen zu Formen, von Farben zu Farben und von Farben zu Formen, ganz in der Nachfolge von Josef Albers.<br \/>\nDie Reduzierung auf das Einfache, welche beider K\u00fcnstler Schaffen ausmacht, darf nicht als Einfallslosigkeit miss-<br \/>\nverstanden werden! Ganz im Gegenteil: hier wirkt <em>die<\/em> Reife, die es m\u00f6glich macht, das \u00dcberfl\u00fcssige auszuklammern<br \/>\nund den Blick auf das Wesentliche zu sch\u00e4rfen.<\/p>\n<p><em>Gabriele Wittner<\/em>, unter Bezugnahme auf<br \/>\nHeinz Gappmeyer: <em>Gerhard Wittner \u2013 Retrospektive 1959 &#8211; 1985<\/em> (Katalog zur Ausstellung \/ Kunstverein, Frankfurt am Main, 1986)<br \/>\nHorst Albert Gl\u00e4ser: <em>Rolf Kissel \u2013 in der Zeit sein<\/em> (Katalog zur Ausstellung \/ Karmeliterkloster,\u00a0 Frankfurt am Main, 08.2009 &#8211; 02.2010)<br \/>\nRomano Guardini: <em>\u00fcber das Wesen des Kunstwerks<\/em> (1947)<br \/>\nHilmar Hoffman: <em>Rolf Kissel \u2013 in der Zeit sein<\/em> (Katalog zur Ausstellung \/ Karmeliterkloster, Frankfurt am Main, 08.2009 \u2013 02.2010)<br \/>\nReimer Jochims: <em>Realismus und Lebensbezug<\/em> (Vortrag \/ Malakademie, Frankfurt am Main, 03.2014)<br \/>\nWalter Vitt: <em>von strengen Gestaltern<\/em> (1982)<br \/>\nFriedrich Vordemberge-Gildewart:<em> Schriften und Vortr\u00e4ge <\/em>(1976)<\/p>\n<p>Weitere Information zu Rolf Kissel und Gerhard Wittner finden Sie hier in der Rubrik <em>K\u00fcnstler.<\/em><\/p>\n","protected":false},"excerpt":{"rendered":"<p>Diese Ausstellung ist zu sehen bis einschl. 03. Mai 2014, ausser vom 18. bis einschl. 21.April 2014 Kissel\u00a0\u00a0\u00a0\u00a0\u00a0\u00a0\u00a0\u00a0\u00a0\u00a0\u00a0\u00a0\u00a0\u00a0\u00a0\u00a0\u00a0\u00a0 \u00a0 \u00a0\u00a0 Wittner still werden \u2013 sich sammeln \u2013 sich \u00f6ffnen \u2013 &#8230;<\/p>\n","protected":false},"author":2,"featured_media":0,"comment_status":"closed","ping_status":"closed","sticky":false,"template":"","format":"standard","meta":{"ngg_post_thumbnail":0,"footnotes":""},"categories":[3],"tags":[],"class_list":["post-1182","post","type-post","status-publish","format-standard","hentry","category-aktuell"],"_links":{"self":[{"href":"http:\/\/galerie-m50-wittner.de\/index.php\/wp-json\/wp\/v2\/posts\/1182","targetHints":{"allow":["GET"]}}],"collection":[{"href":"http:\/\/galerie-m50-wittner.de\/index.php\/wp-json\/wp\/v2\/posts"}],"about":[{"href":"http:\/\/galerie-m50-wittner.de\/index.php\/wp-json\/wp\/v2\/types\/post"}],"author":[{"embeddable":true,"href":"http:\/\/galerie-m50-wittner.de\/index.php\/wp-json\/wp\/v2\/users\/2"}],"replies":[{"embeddable":true,"href":"http:\/\/galerie-m50-wittner.de\/index.php\/wp-json\/wp\/v2\/comments?post=1182"}],"version-history":[{"count":34,"href":"http:\/\/galerie-m50-wittner.de\/index.php\/wp-json\/wp\/v2\/posts\/1182\/revisions"}],"predecessor-version":[{"id":1214,"href":"http:\/\/galerie-m50-wittner.de\/index.php\/wp-json\/wp\/v2\/posts\/1182\/revisions\/1214"}],"wp:attachment":[{"href":"http:\/\/galerie-m50-wittner.de\/index.php\/wp-json\/wp\/v2\/media?parent=1182"}],"wp:term":[{"taxonomy":"category","embeddable":true,"href":"http:\/\/galerie-m50-wittner.de\/index.php\/wp-json\/wp\/v2\/categories?post=1182"},{"taxonomy":"post_tag","embeddable":true,"href":"http:\/\/galerie-m50-wittner.de\/index.php\/wp-json\/wp\/v2\/tags?post=1182"}],"curies":[{"name":"wp","href":"https:\/\/api.w.org\/{rel}","templated":true}]}}